{"id":2919,"date":"2024-03-15T10:56:03","date_gmt":"2024-03-15T10:56:03","guid":{"rendered":"https:\/\/blog.puracomporta.com\/?p=2919"},"modified":"2024-03-15T19:27:48","modified_gmt":"2024-03-15T19:27:48","slug":"um-refugio-de-serenidade-em-portugal","status":"publish","type":"post","link":"https:\/\/blog.puracomporta.com\/pt-pt\/comporta\/um-refugio-de-serenidade-em-portugal\/","title":{"rendered":"Um ref\u00fagio de serenidade em Portugal"},"content":{"rendered":"\t\t<div data-elementor-type=\"wp-post\" data-elementor-id=\"2919\" class=\"elementor elementor-2919\" data-elementor-post-type=\"post\">\n\t\t\t\t<div class=\"elementor-element elementor-element-f11581f e-flex e-con-boxed e-con e-parent\" data-id=\"f11581f\" data-element_type=\"container\" data-settings=\"{&quot;content_width&quot;:&quot;boxed&quot;}\" data-core-v316-plus=\"true\">\n\t\t\t\t\t<div class=\"e-con-inner\">\n\t\t\t\t<div class=\"elementor-element elementor-element-e4d4497 elementor-widget elementor-widget-text-editor\" data-id=\"e4d4497\" data-element_type=\"widget\" data-widget_type=\"text-editor.default\">\n\t\t\t\t<div class=\"elementor-widget-container\">\n\t\t\t<style>\/*! elementor - v3.19.0 - 29-01-2024 *\/\n.elementor-widget-text-editor.elementor-drop-cap-view-stacked .elementor-drop-cap{background-color:#69727d;color:#fff}.elementor-widget-text-editor.elementor-drop-cap-view-framed .elementor-drop-cap{color:#69727d;border:3px solid;background-color:transparent}.elementor-widget-text-editor:not(.elementor-drop-cap-view-default) .elementor-drop-cap{margin-top:8px}.elementor-widget-text-editor:not(.elementor-drop-cap-view-default) .elementor-drop-cap-letter{width:1em;height:1em}.elementor-widget-text-editor .elementor-drop-cap{float:left;text-align:center;line-height:1;font-size:50px}.elementor-widget-text-editor .elementor-drop-cap-letter{display:inline-block}<\/style>\t\t\t\t<p><span data-contrast=\"auto\">Concebida por Joana Bastos Gomes e pelo seu marido Jo\u00e3o, a Pura Comporta \u00e9 mais do que uma simples casa de f\u00e9rias; \u00e9 uma carta de amor ao charme descontra\u00eddo da Comporta. Como a pr\u00f3pria Joana diz, &#8220;Queremos que todos os que v\u00eam \u00e0 Comporta se apaixonem&#8221;. Aqui, o tempo passa a correr enquanto os h\u00f3spedes mergulham na beleza natural de cortar a respira\u00e7\u00e3o que rodeia a propriedade.\u00a0<\/span><\/p>\t\t\t\t\t\t<\/div>\n\t\t\t\t<\/div>\n\t\t\t\t<div class=\"elementor-element elementor-element-a7c7230 elementor-blockquote--skin-border elementor-blockquote--button-color-official elementor-widget elementor-widget-blockquote\" data-id=\"a7c7230\" data-element_type=\"widget\" data-widget_type=\"blockquote.default\">\n\t\t\t\t<div class=\"elementor-widget-container\">\n\t\t\t<style>\/*! elementor-pro - v3.19.0 - 07-02-2024 *\/\n@charset \"UTF-8\";.entry-content blockquote.elementor-blockquote:not(.alignright):not(.alignleft),.entry-summary blockquote.elementor-blockquote{margin-right:0;margin-left:0}.elementor-widget-blockquote blockquote{margin:0;padding:0;outline:0;font-size:100%;vertical-align:baseline;background:transparent;quotes:none;border:0;font-style:normal;color:#3f444b}.elementor-widget-blockquote blockquote .e-q-footer:after,.elementor-widget-blockquote blockquote .e-q-footer:before,.elementor-widget-blockquote blockquote:after,.elementor-widget-blockquote blockquote:before,.elementor-widget-blockquote blockquote cite:after,.elementor-widget-blockquote blockquote cite:before{content:none}.elementor-blockquote{transition:.3s}.elementor-blockquote__author,.elementor-blockquote__content{margin-bottom:0;font-style:normal}.elementor-blockquote__author{font-weight:700}.elementor-blockquote .e-q-footer{margin-top:12px;display:flex;justify-content:space-between}.elementor-blockquote__tweet-button{display:flex;transition:.3s;color:#1da1f2;align-self:flex-end;line-height:1;position:relative;width:-moz-max-content;width:max-content}.elementor-blockquote__tweet-button:hover{color:#0967a0}.elementor-blockquote__tweet-button span{font-weight:600}.elementor-blockquote__tweet-button i,.elementor-blockquote__tweet-button span{vertical-align:middle}.elementor-blockquote__tweet-button i+span,.elementor-blockquote__tweet-button svg+span{margin-left:.5em}.elementor-blockquote__tweet-button svg{fill:#1da1f2;height:1em;width:1em}.elementor-blockquote__tweet-label{white-space:pre-wrap}.elementor-blockquote--button-skin-bubble .elementor-blockquote__tweet-button,.elementor-blockquote--button-skin-classic .elementor-blockquote__tweet-button{padding:.7em 1.2em;border-radius:100em;background-color:#1da1f2;color:#fff;font-size:15px}.elementor-blockquote--button-skin-bubble .elementor-blockquote__tweet-button:hover,.elementor-blockquote--button-skin-classic .elementor-blockquote__tweet-button:hover{background-color:#0967a0;color:#fff}.elementor-blockquote--button-skin-bubble .elementor-blockquote__tweet-button:hover:before,.elementor-blockquote--button-skin-classic .elementor-blockquote__tweet-button:hover:before{border-right-color:#0967a0}.elementor-blockquote--button-skin-bubble .elementor-blockquote__tweet-button svg,.elementor-blockquote--button-skin-classic .elementor-blockquote__tweet-button svg{fill:#fff;height:1em;width:1em}.elementor-blockquote--button-skin-bubble.elementor-blockquote--button-view-icon .elementor-blockquote__tweet-button,.elementor-blockquote--button-skin-classic.elementor-blockquote--button-view-icon .elementor-blockquote__tweet-button{padding:0;width:2em;height:2em}.elementor-blockquote--button-skin-bubble.elementor-blockquote--button-view-icon .elementor-blockquote__tweet-button i,.elementor-blockquote--button-skin-classic.elementor-blockquote--button-view-icon .elementor-blockquote__tweet-button i{position:absolute;left:50%;top:50%;transform:translate(-50%,-50%)}.elementor-blockquote--button-skin-bubble .elementor-blockquote__tweet-button:before{content:\"\";border:.5em solid transparent;border-right-color:#1da1f2;position:absolute;left:-.8em;top:50%;transform:translateY(-50%) scaleY(.65);transition:.3s}.elementor-blockquote--button-skin-bubble.elementor-blockquote--align-left .elementor-blockquote__tweet-button:before{right:auto;left:-.8em;border-right-color:#1da1f2;border-left-color:transparent}.elementor-blockquote--button-skin-bubble.elementor-blockquote--align-left .elementor-blockquote__tweet-button:hover:before{border-right-color:#0967a0}.elementor-blockquote--button-skin-bubble.elementor-blockquote--align-right .elementor-blockquote__tweet-button:before{left:auto;right:-.8em;border-right-color:transparent;border-left-color:#1da1f2}.elementor-blockquote--button-skin-bubble.elementor-blockquote--align-right .elementor-blockquote__tweet-button:hover:before{border-left-color:#0967a0}.elementor-blockquote--skin-boxed .elementor-blockquote{background-color:#f9fafa;padding:30px}.elementor-blockquote--skin-border .elementor-blockquote{border-color:#f9fafa;border-left:7px #f9fafa;border-style:solid;padding-left:20px}.elementor-blockquote--skin-quotation .elementor-blockquote:before{content:\"\u201c\";font-size:100px;color:#f9fafa;font-family:Times New Roman,Times,serif;font-weight:900;line-height:1;display:block;height:.6em}.elementor-blockquote--skin-quotation .elementor-blockquote__content{margin-top:15px}.elementor-blockquote--align-left .elementor-blockquote__content{text-align:left}.elementor-blockquote--align-left .elementor-blockquote .e-q-footer{flex-direction:row}.elementor-blockquote--align-right .elementor-blockquote__content{text-align:right}.elementor-blockquote--align-right .elementor-blockquote .e-q-footer{flex-direction:row-reverse}.elementor-blockquote--align-center .elementor-blockquote{text-align:center}.elementor-blockquote--align-center .elementor-blockquote .e-q-footer,.elementor-blockquote--align-center .elementor-blockquote__author{display:block}.elementor-blockquote--align-center .elementor-blockquote__tweet-button{margin-right:auto;margin-left:auto}<\/style>\t\t<blockquote class=\"elementor-blockquote\">\n\t\t\t<p class=\"elementor-blockquote__content\">\n\t\t\t\t\"Queremos mesmo que toda a gente que venha \u00e0 Comporta se apaixone\" \n\n\t\t\t<\/p>\n\t\t\t\t\t\t\t<div class=\"e-q-footer\">\n\t\t\t\t\t\t\t\t\t\t\t<cite class=\"elementor-blockquote__author\">Joana Bastos Gomes, propriet\u00e1ria <\/cite>\n\t\t\t\t\t\t\t\t\t\t\t\t\t\t<\/div>\n\t\t\t\t\t<\/blockquote>\n\t\t\t\t<\/div>\n\t\t\t\t<\/div>\n\t\t\t\t\t<\/div>\n\t\t\t\t<\/div>\n\t\t<div class=\"elementor-element elementor-element-4a85e0e e-con-full e-flex e-con e-parent\" data-id=\"4a85e0e\" data-element_type=\"container\" data-settings=\"{&quot;content_width&quot;:&quot;full&quot;}\" data-core-v316-plus=\"true\">\n\t\t<div class=\"elementor-element elementor-element-24e3f79 e-flex e-con-boxed e-con e-child\" data-id=\"24e3f79\" data-element_type=\"container\" data-settings=\"{&quot;content_width&quot;:&quot;boxed&quot;}\">\n\t\t\t\t\t<div class=\"e-con-inner\">\n\t\t<div class=\"elementor-element elementor-element-05437ad e-con-full e-flex e-con e-child\" data-id=\"05437ad\" data-element_type=\"container\" data-settings=\"{&quot;content_width&quot;:&quot;full&quot;,&quot;background_background&quot;:&quot;classic&quot;}\">\n\t\t\t\t<\/div>\n\t\t<div class=\"elementor-element elementor-element-1a7ccad e-con-full e-flex e-con e-child\" data-id=\"1a7ccad\" data-element_type=\"container\" data-settings=\"{&quot;content_width&quot;:&quot;full&quot;}\">\n\t\t\t\t<div class=\"elementor-element elementor-element-97fe7c6 elementor-widget elementor-widget-text-editor\" data-id=\"97fe7c6\" data-element_type=\"widget\" data-widget_type=\"text-editor.default\">\n\t\t\t\t<div class=\"elementor-widget-container\">\n\t\t\t\t\t\t\t<p><span data-contrast=\"auto\">O arquiteto de renome Jo\u00e3o Pedro Falc\u00e3o de Campos traduziu magistralmente esta filosofia no design da casa de praia. &#8220;Pretend\u00edamos um desenho arquitet\u00f3nico inspirado nas casas alentejanas com telhados de duas \u00e1guas e paredes brancas&#8221;, diz Joana, ao descrever o estilo tradicional nas aldeias da regi\u00e3o. &#8220;Esta casa s\u00f3 podia existir neste terreno na Comporta&#8221;, diz Falc\u00e3o de Campos, sublinhando a liga\u00e7\u00e3o harmoniosa entre a moradia e a sua envolvente.<\/span><span data-ccp-props=\"{&quot;201341983&quot;:0,&quot;335559739&quot;:160,&quot;335559740&quot;:259}\">\u00a0<\/span><\/p><p><span data-contrast=\"auto\">Aqui, no meio da serenidade, rodeados pelos encantos da natureza e dos seus vastos arrozais, \u00e9 surpreendente perceber como estamos perto da agitada Lisboa e at\u00e9 da animada cena da Comporta.\u00a0<\/span><span data-ccp-props=\"{&quot;201341983&quot;:0,&quot;335559739&quot;:160,&quot;335559740&quot;:259}\">\u00a0<\/span><\/p>\t\t\t\t\t\t<\/div>\n\t\t\t\t<\/div>\n\t\t\t\t<div class=\"elementor-element elementor-element-252257b elementor-blockquote--skin-border elementor-blockquote--button-color-official elementor-widget elementor-widget-blockquote\" data-id=\"252257b\" data-element_type=\"widget\" data-widget_type=\"blockquote.default\">\n\t\t\t\t<div class=\"elementor-widget-container\">\n\t\t\t\t\t<blockquote class=\"elementor-blockquote\">\n\t\t\t<p class=\"elementor-blockquote__content\">\n\t\t\t\t\"Esta casa s\u00f3 podia existir neste terreno na Comporta\"  \n\n\n\n\t\t\t<\/p>\n\t\t\t\t\t\t\t<div class=\"e-q-footer\">\n\t\t\t\t\t\t\t\t\t\t\t<cite class=\"elementor-blockquote__author\">Jo\u00e3o Falc\u00e3o de Campos, arquiteto <\/cite>\n\t\t\t\t\t\t\t\t\t\t\t\t\t\t<\/div>\n\t\t\t\t\t<\/blockquote>\n\t\t\t\t<\/div>\n\t\t\t\t<\/div>\n\t\t\t\t<\/div>\n\t\t\t\t\t<\/div>\n\t\t\t\t<\/div>\n\t\t\t\t<\/div>\n\t\t<div class=\"elementor-element elementor-element-e7036e1 e-flex e-con-boxed e-con e-parent\" data-id=\"e7036e1\" data-element_type=\"container\" data-settings=\"{&quot;content_width&quot;:&quot;boxed&quot;}\" data-core-v316-plus=\"true\">\n\t\t\t\t\t<div class=\"e-con-inner\">\n\t\t<div class=\"elementor-element elementor-element-5969672 e-flex e-con-boxed e-con e-child\" data-id=\"5969672\" data-element_type=\"container\" data-settings=\"{&quot;content_width&quot;:&quot;boxed&quot;}\">\n\t\t\t\t\t<div class=\"e-con-inner\">\n\t\t<div class=\"elementor-element elementor-element-2fa2452 e-con-full e-flex e-con e-child\" data-id=\"2fa2452\" data-element_type=\"container\" data-settings=\"{&quot;content_width&quot;:&quot;full&quot;}\">\n\t\t\t\t<div class=\"elementor-element elementor-element-5aa11f9 elementor-widget elementor-widget-text-editor\" data-id=\"5aa11f9\" data-element_type=\"widget\" data-widget_type=\"text-editor.default\">\n\t\t\t\t<div class=\"elementor-widget-container\">\n\t\t\t\t\t\t\t<p><span data-contrast=\"auto\">Por toda a casa, h\u00e1 elementos decorativos e pormenores acolhedores de origem portuguesa. Entre na villa e desvende o panorama diante de si. Prateleiras de madeira e m\u00f3veis feitos \u00e0 medida por artes\u00e3os locais criam uma sensa\u00e7\u00e3o de calor e eleg\u00e2ncia discreta, tal como Joana imaginou. Os toques de cor s\u00e3o introduzidos atrav\u00e9s de tapetes tecidos \u00e0 m\u00e3o e cer\u00e2micas produzidas por talentos locais, uma lembran\u00e7a constante do rico patrim\u00f3nio que impregna o espa\u00e7o. &#8220;Temos a sorte de viver em Portugal, onde existem grandes artes\u00e3os&#8221;, diz Joana. A sua paix\u00e3o por apoiar os artistas nacionais \u00e9 evidente em todos os pormenores.<\/span><span data-ccp-props=\"{&quot;201341983&quot;:0,&quot;335559739&quot;:160,&quot;335559740&quot;:259}\">\u00a0<\/span><\/p><p><span data-contrast=\"auto\">No exterior, o extenso deck ao longo da fachada norte oferece vistas hipnotizantes de plan\u00edcies verdejantes banhadas por luz natural, como descreve Falc\u00e3o de Campos. No lado sul da moradia, um santu\u00e1rio privado aguarda-nos. Aqui, uma piscina aquecida convida a mergulhos refrescantes, enquanto as espregui\u00e7adeiras convidam a tardes l\u00e2nguidas passadas a absorver os raios quentes e dourados do Sol. O aroma dos pinheiros transportado pela brisa do mar completa o cen\u00e1rio id\u00edlico.<\/span><span data-ccp-props=\"{&quot;201341983&quot;:0,&quot;335559739&quot;:160,&quot;335559740&quot;:259}\">\u00a0<\/span><\/p>\t\t\t\t\t\t<\/div>\n\t\t\t\t<\/div>\n\t\t\t\t<div class=\"elementor-element elementor-element-98a49e6 elementor-blockquote--skin-border elementor-blockquote--button-color-official elementor-widget elementor-widget-blockquote\" data-id=\"98a49e6\" data-element_type=\"widget\" data-widget_type=\"blockquote.default\">\n\t\t\t\t<div class=\"elementor-widget-container\">\n\t\t\t\t\t<blockquote class=\"elementor-blockquote\">\n\t\t\t<p class=\"elementor-blockquote__content\">\n\t\t\t\t\"A proximidade torna tudo mais aut\u00eantico\"\n\n\n\n\t\t\t<\/p>\n\t\t\t\t\t\t\t<div class=\"e-q-footer\">\n\t\t\t\t\t\t\t\t\t\t\t<cite class=\"elementor-blockquote__author\">Joana Bastos Gomes, propriet\u00e1ria <\/cite>\n\t\t\t\t\t\t\t\t\t\t\t\t\t\t<\/div>\n\t\t\t\t\t<\/blockquote>\n\t\t\t\t<\/div>\n\t\t\t\t<\/div>\n\t\t\t\t<\/div>\n\t\t<div class=\"elementor-element elementor-element-05f1a87 e-con-full e-flex e-con e-child\" data-id=\"05f1a87\" data-element_type=\"container\" data-settings=\"{&quot;content_width&quot;:&quot;full&quot;,&quot;background_background&quot;:&quot;classic&quot;}\">\n\t\t\t\t<\/div>\n\t\t\t\t\t<\/div>\n\t\t\t\t<\/div>\n\t\t\t\t\t<\/div>\n\t\t\t\t<\/div>\n\t\t<div class=\"elementor-element elementor-element-ca63586 e-flex e-con-boxed e-con e-parent\" data-id=\"ca63586\" data-element_type=\"container\" data-settings=\"{&quot;content_width&quot;:&quot;boxed&quot;}\" data-core-v316-plus=\"true\">\n\t\t\t\t\t<div class=\"e-con-inner\">\n\t\t\t\t<div class=\"elementor-element elementor-element-5ef80e9 elementor-widget elementor-widget-heading\" data-id=\"5ef80e9\" data-element_type=\"widget\" data-widget_type=\"heading.default\">\n\t\t\t\t<div class=\"elementor-widget-container\">\n\t\t\t<style>\/*! elementor - v3.19.0 - 29-01-2024 *\/\n.elementor-heading-title{padding:0;margin:0;line-height:1}.elementor-widget-heading .elementor-heading-title[class*=elementor-size-]>a{color:inherit;font-size:inherit;line-height:inherit}.elementor-widget-heading .elementor-heading-title.elementor-size-small{font-size:15px}.elementor-widget-heading .elementor-heading-title.elementor-size-medium{font-size:19px}.elementor-widget-heading .elementor-heading-title.elementor-size-large{font-size:29px}.elementor-widget-heading .elementor-heading-title.elementor-size-xl{font-size:39px}.elementor-widget-heading .elementor-heading-title.elementor-size-xxl{font-size:59px}<\/style><h2 class=\"elementor-heading-title elementor-size-default\">Uma luxuosa moradia de praia, perfeita para todas as esta\u00e7\u00f5es <\/h2>\t\t<\/div>\n\t\t\t\t<\/div>\n\t\t\t\t<div class=\"elementor-element elementor-element-9129340 elementor-widget elementor-widget-heading\" data-id=\"9129340\" data-element_type=\"widget\" data-widget_type=\"heading.default\">\n\t\t\t\t<div class=\"elementor-widget-container\">\n\t\t\t<p class=\"elementor-heading-title elementor-size-default\">\u2014<\/p>\t\t<\/div>\n\t\t\t\t<\/div>\n\t\t\t\t\t<\/div>\n\t\t\t\t<\/div>\n\t\t<div class=\"elementor-element elementor-element-e600d1d e-flex e-con-boxed e-con e-parent\" data-id=\"e600d1d\" data-element_type=\"container\" data-settings=\"{&quot;content_width&quot;:&quot;boxed&quot;}\" data-core-v316-plus=\"true\">\n\t\t\t\t\t<div class=\"e-con-inner\">\n\t\t<div class=\"elementor-element elementor-element-18dcc34 e-con-full e-flex e-con e-child\" data-id=\"18dcc34\" data-element_type=\"container\" data-settings=\"{&quot;content_width&quot;:&quot;full&quot;,&quot;background_background&quot;:&quot;classic&quot;}\">\n\t\t\t\t<\/div>\n\t\t<div class=\"elementor-element elementor-element-5e333cd e-con-full e-flex e-con e-child\" data-id=\"5e333cd\" data-element_type=\"container\" data-settings=\"{&quot;content_width&quot;:&quot;full&quot;}\">\n\t\t\t\t<div class=\"elementor-element elementor-element-bc7dd50 elementor-widget elementor-widget-text-editor\" data-id=\"bc7dd50\" data-element_type=\"widget\" data-widget_type=\"text-editor.default\">\n\t\t\t\t<div class=\"elementor-widget-container\">\n\t\t\t\t\t\t\t<p><span data-contrast=\"auto\">O Pura Comporta n\u00e3o \u00e9 apenas um banquete para os sentidos; \u00e9 um para\u00edso para criar mem\u00f3rias duradouras.<\/span><span data-ccp-props=\"{&quot;201341983&quot;:0,&quot;335559739&quot;:160,&quot;335559740&quot;:259}\">\u00a0<\/span><\/p><p><span data-contrast=\"auto\">A <\/span><b><span data-contrast=\"auto\">primavera desperta<\/span><\/b><span data-contrast=\"auto\"> no Alentejo com uma energia vibrante. Campos de flores silvestres irrompem numa profus\u00e3o de cores, cobrindo a paisagem de rosa, amarelo e roxo. O ar vibra com o zumbido dos p\u00e1ssaros que regressam e uma sensa\u00e7\u00e3o de renova\u00e7\u00e3o paira na atmosfera. Os longos passeios na praia tornam-se ainda mais agrad\u00e1veis \u00e0 medida que a temperatura sobe e a brisa revigorante do oceano proporciona um contraponto bem-vindo ao sol quente.<\/span><span data-ccp-props=\"{&quot;201341983&quot;:0,&quot;335559739&quot;:160,&quot;335559740&quot;:259}\">\u00a0<\/span><\/p><p><span data-contrast=\"auto\">O <\/span><b><span data-contrast=\"auto\">ver\u00e3o desdobra-se em toda a sua gl\u00f3ria<\/span><\/b><span data-contrast=\"auto\">. Os dias ensolarados s\u00e3o perfeitos para a pr\u00e1tica de desportos aqu\u00e1ticos ou simplesmente para relaxar nas extens\u00f5es intermin\u00e1veis das praias imaculadas da Comporta. D\u00ea um mergulho refrescante na piscina da villa ou pegue na sua prancha de surf e apanhe umas ondas. Os ser\u00f5es s\u00e3o passados a saborear refei\u00e7\u00f5es ao ar livre no terra\u00e7o, com o som das ondas do mar a proporcionar uma banda sonora suave para as suas conversas. \u00c0 medida que os tons ardentes do p\u00f4r do sol pintam o c\u00e9u, junte-se \u00e0 volta da fogueira e partilhe hist\u00f3rias sob um manto de estrelas.<\/span><span data-ccp-props=\"{&quot;201341983&quot;:0,&quot;335559739&quot;:160,&quot;335559740&quot;:259}\">\u00a0<\/span><\/p><p><span data-contrast=\"auto\">A <\/span><b><span data-contrast=\"auto\">chegada do outono<\/span><\/b><span data-contrast=\"auto\"> pinta o Alentejo com uma paleta quente de dourados e castanhos avermelhados. As multid\u00f5es diminu\u00edram e uma sensa\u00e7\u00e3o de tranquilidade desce sobre a paisagem. Desfrute de longos passeios de bicicleta pelo campo, apreciando a beleza da mudan\u00e7a das folhas. Quem aprecia a boa mesa ir\u00e1 ficar deliciado com a generosidade das colheitas de outono, com os restaurantes locais a apresentarem os produtos sazonais mais frescos da regi\u00e3o. \u00c0 medida que os dias encurtam e uma brisa fresca sussurra por entre os pinheiros, aconchegue-se junto \u00e0 lareira com um bom livro, saboreando a paz e o sossego da Pura Comporta.<\/span><span data-ccp-props=\"{&quot;201341983&quot;:0,&quot;335559739&quot;:160,&quot;335559740&quot;:259}\">\u00a0<\/span><\/p><p><span data-contrast=\"auto\">E <\/span><b><span data-contrast=\"auto\">depois vem o inverno<\/span><\/b><span data-contrast=\"auto\">, que tem o seu pr\u00f3prio encanto no Pura Comporta. Almo\u00e7os longos e descontra\u00eddos em restaurantes \u00e0 beira-mar ou explorar as cidades hist\u00f3ricas de \u00c9vora e Monsaraz pintam uma imagem diferente do para\u00edso. Quer seja a energia vibrante do ver\u00e3o ou a calma serena do inverno, o Pura Comporta oferece um santu\u00e1rio para a alma, um lugar para se reconectar com a natureza, com os entes queridos e consigo pr\u00f3prio.<\/span><span data-ccp-props=\"{&quot;201341983&quot;:0,&quot;335559739&quot;:160,&quot;335559740&quot;:259}\">\u00a0<\/span><\/p>\t\t\t\t\t\t<\/div>\n\t\t\t\t<\/div>\n\t\t\t\t<\/div>\n\t\t\t\t\t<\/div>\n\t\t\t\t<\/div>\n\t\t<div class=\"elementor-element elementor-element-0f7bd16 e-flex e-con-boxed e-con e-parent\" data-id=\"0f7bd16\" data-element_type=\"container\" data-settings=\"{&quot;content_width&quot;:&quot;boxed&quot;}\" data-core-v316-plus=\"true\">\n\t\t\t\t\t<div class=\"e-con-inner\">\n\t\t\t\t<div class=\"elementor-element elementor-element-b72f4f3 elementor-widget elementor-widget-heading\" data-id=\"b72f4f3\" data-element_type=\"widget\" data-widget_type=\"heading.default\">\n\t\t\t\t<div class=\"elementor-widget-container\">\n\t\t\t<h2 class=\"elementor-heading-title elementor-size-default\">Pura Comporta acomoda confortavelmente at\u00e9 7 pessoas<\/h2>\t\t<\/div>\n\t\t\t\t<\/div>\n\t\t\t\t<div class=\"elementor-element elementor-element-9e6eae4 elementor-widget elementor-widget-heading\" data-id=\"9e6eae4\" data-element_type=\"widget\" data-widget_type=\"heading.default\">\n\t\t\t\t<div class=\"elementor-widget-container\">\n\t\t\t<p class=\"elementor-heading-title elementor-size-default\">\u2014<\/p>\t\t<\/div>\n\t\t\t\t<\/div>\n\t\t\t\t\t<\/div>\n\t\t\t\t<\/div>\n\t\t<div class=\"elementor-element elementor-element-0bce086 e-flex e-con-boxed e-con e-parent\" data-id=\"0bce086\" data-element_type=\"container\" data-settings=\"{&quot;content_width&quot;:&quot;boxed&quot;}\" data-core-v316-plus=\"true\">\n\t\t\t\t\t<div class=\"e-con-inner\">\n\t\t<div class=\"elementor-element elementor-element-cde28ed e-con-full e-flex e-con e-child\" data-id=\"cde28ed\" data-element_type=\"container\" data-settings=\"{&quot;content_width&quot;:&quot;full&quot;}\">\n\t\t\t\t<div class=\"elementor-element elementor-element-3127c92 elementor-widget elementor-widget-text-editor\" data-id=\"3127c92\" data-element_type=\"widget\" data-widget_type=\"text-editor.default\">\n\t\t\t\t<div class=\"elementor-widget-container\">\n\t\t\t\t\t\t\t<h3><b><span data-contrast=\"auto\">Suite Principal<\/span><\/b><\/h3><p><span data-contrast=\"auto\">Este ref\u00fagio disp\u00f5e de uma casa de banho privativa com banheira com vista para o terra\u00e7o, para norte, para a serra e para a v\u00e1rzea.<\/span><span data-ccp-props=\"{&quot;201341983&quot;:0,&quot;335559739&quot;:160,&quot;335559740&quot;:259}\">\u00a0<\/span><\/p><h3><b><span data-contrast=\"auto\">Suite 2<\/span><\/b><\/h3><p><span data-contrast=\"auto\">Este quarto disp\u00f5e de uma cama de casal e uma acolhedora mezanino com uma cama individual, ideal para fam\u00edlias ou pequenos grupos. Disp\u00f5e ainda de uma pr\u00e1tica casa de banho privativa.<\/span><span data-ccp-props=\"{&quot;201341983&quot;:0,&quot;335559739&quot;:160,&quot;335559740&quot;:259}\">\u00a0<\/span><\/p><h3><strong>Suite 3<\/strong><\/h3><p><span data-contrast=\"auto\">Desfrute do conforto de uma cama de casal e de uma casa de banho privativa neste espa\u00e7o privado.<\/span><span data-ccp-props=\"{&quot;201341983&quot;:0,&quot;335559739&quot;:160,&quot;335559740&quot;:259}\">\u00a0<\/span><\/p><h3><strong>C<\/strong><b><span data-contrast=\"auto\">asa de banho adicionaL<\/span><\/b><\/h3><p><span data-contrast=\"auto\">Que proporciona um acesso f\u00e1cil a partir do interior e do exterior, ideal para se lavar depois de um dia na praia.<\/span><span data-ccp-props=\"{&quot;201341983&quot;:0,&quot;335559739&quot;:160,&quot;335559740&quot;:259}\">\u00a0<\/span><\/p><h3><b><span data-contrast=\"auto\">Cozinha totalmente equipada<\/span><\/b><\/h3><p><span data-contrast=\"auto\">Com eletrodom\u00e9sticos topo de gama da Miele e da Smeg; bar de honestidade com um refrigerador de vinho e uma sele\u00e7\u00e3o de azeite. <\/span><span data-ccp-props=\"{&quot;201341983&quot;:0,&quot;335559739&quot;:160,&quot;335559740&quot;:259}\">\u00a0<\/span><\/p><h3><b><span data-contrast=\"auto\">Sala de estar<\/span><\/b><\/h3><p><span data-contrast=\"auto\">Espa\u00e7osa com lareira, aquecimento central\/ar condicionado e ventoinhas de teto.<\/span><span data-ccp-props=\"{&quot;201341983&quot;:0,&quot;335559739&quot;:160,&quot;335559740&quot;:259}\">\u00a0<\/span><\/p><h3><b><span data-contrast=\"auto\">Mesas de jantar interiores ou exteriores<\/span><\/b><\/h3><p><span data-contrast=\"auto\">Para refei\u00e7\u00f5es deliciosas e longas conversas noturnas.<\/span><span data-ccp-props=\"{&quot;201341983&quot;:0,&quot;335559739&quot;:160,&quot;335559740&quot;:259}\">\u00a0<\/span><\/p><h3><b><span data-contrast=\"auto\">Piscina aquecida<\/span><\/b><\/h3><p><span data-contrast=\"auto\">Com espregui\u00e7adeiras com vista para um jardim de dunas.<\/span><span data-ccp-props=\"{&quot;201341983&quot;:0,&quot;335559739&quot;:160,&quot;335559740&quot;:259}\">\u00a0<\/span><\/p><p><span data-ccp-props=\"{&quot;201341983&quot;:0,&quot;335559739&quot;:160,&quot;335559740&quot;:259}\">\u00a0<\/span><\/p>\t\t\t\t\t\t<\/div>\n\t\t\t\t<\/div>\n\t\t\t\t<\/div>\n\t\t<div class=\"elementor-element elementor-element-9eebecb e-con-full e-flex e-con e-child\" data-id=\"9eebecb\" data-element_type=\"container\" data-settings=\"{&quot;content_width&quot;:&quot;full&quot;,&quot;background_background&quot;:&quot;classic&quot;}\">\n\t\t\t\t<\/div>\n\t\t\t\t\t<\/div>\n\t\t\t\t<\/div>\n\t\t<div class=\"elementor-element elementor-element-6b64318 e-flex e-con-boxed e-con e-parent\" data-id=\"6b64318\" data-element_type=\"container\" data-settings=\"{&quot;content_width&quot;:&quot;boxed&quot;}\" data-core-v316-plus=\"true\">\n\t\t\t\t\t<div class=\"e-con-inner\">\n\t\t\t\t<div class=\"elementor-element elementor-element-725cbb8 elementor-align-center elementor-widget elementor-widget-button\" data-id=\"725cbb8\" data-element_type=\"widget\" data-widget_type=\"button.default\">\n\t\t\t\t<div class=\"elementor-widget-container\">\n\t\t\t\t\t<div class=\"elementor-button-wrapper\">\n\t\t\t<a class=\"elementor-button elementor-button-link elementor-size-sm\" href=\"https:\/\/puracomporta.com\/pt\" target=\"_blank\">\n\t\t\t\t\t\t<span class=\"elementor-button-content-wrapper\">\n\t\t\t\t\t\t<span class=\"elementor-button-text\">Quero conhecer<\/span>\n\t\t<\/span>\n\t\t\t\t\t<\/a>\n\t\t<\/div>\n\t\t\t\t<\/div>\n\t\t\t\t<\/div>\n\t\t\t\t\t<\/div>\n\t\t\t\t<\/div>\n\t\t\t\t<\/div>\n\t\t","protected":false},"excerpt":{"rendered":"<p>Imagine um ref\u00fagio concebido para o luxo de andar descal\u00e7o, um lugar onde o ritmo da vida abranda com o sussurro da brisa e o bater das ondas. Este \u00e9 o Pura Comporta, um retiro arquitet\u00f3nico deslumbrante situado entre as dunas e os campos de arroz da regi\u00e3o do Alentejo, em Portugal.<\/p>\n","protected":false},"author":1,"featured_media":3111,"comment_status":"open","ping_status":"open","sticky":false,"template":"","format":"standard","meta":{"site-sidebar-layout":"default","site-content-layout":"","ast-site-content-layout":"default","site-content-style":"default","site-sidebar-style":"default","ast-global-header-display":"","ast-banner-title-visibility":"","ast-main-header-display":"","ast-hfb-above-header-display":"","ast-hfb-below-header-display":"","ast-hfb-mobile-header-display":"","site-post-title":"","ast-breadcrumbs-content":"","ast-featured-img":"","footer-sml-layout":"","theme-transparent-header-meta":"","adv-header-id-meta":"","stick-header-meta":"","header-above-stick-meta":"","header-main-stick-meta":"","header-below-stick-meta":"","astra-migrate-meta-layouts":"set","ast-page-background-enabled":"default","ast-page-background-meta":{"desktop":{"background-color":"","background-image":"","background-repeat":"repeat","background-position":"center center","background-size":"auto","background-attachment":"scroll","background-type":"","background-media":"","overlay-type":"","overlay-color":"","overlay-gradient":""},"tablet":{"background-color":"","background-image":"","background-repeat":"repeat","background-position":"center center","background-size":"auto","background-attachment":"scroll","background-type":"","background-media":"","overlay-type":"","overlay-color":"","overlay-gradient":""},"mobile":{"background-color":"","background-image":"","background-repeat":"repeat","background-position":"center center","background-size":"auto","background-attachment":"scroll","background-type":"","background-media":"","overlay-type":"","overlay-color":"","overlay-gradient":""}},"ast-content-background-meta":{"desktop":{"background-color":"var(--ast-global-color-5)","background-image":"","background-repeat":"repeat","background-position":"center center","background-size":"auto","background-attachment":"scroll","background-type":"","background-media":"","overlay-type":"","overlay-color":"","overlay-gradient":""},"tablet":{"background-color":"var(--ast-global-color-5)","background-image":"","background-repeat":"repeat","background-position":"center center","background-size":"auto","background-attachment":"scroll","background-type":"","background-media":"","overlay-type":"","overlay-color":"","overlay-gradient":""},"mobile":{"background-color":"var(--ast-global-color-5)","background-image":"","background-repeat":"repeat","background-position":"center center","background-size":"auto","background-attachment":"scroll","background-type":"","background-media":"","overlay-type":"","overlay-color":"","overlay-gradient":""}},"footnotes":""},"categories":[16],"tags":[],"class_list":["post-2919","post","type-post","status-publish","format-standard","has-post-thumbnail","hentry","category-comporta"],"_links":{"self":[{"href":"https:\/\/blog.puracomporta.com\/pt-pt\/wp-json\/wp\/v2\/posts\/2919","targetHints":{"allow":["GET"]}}],"collection":[{"href":"https:\/\/blog.puracomporta.com\/pt-pt\/wp-json\/wp\/v2\/posts"}],"about":[{"href":"https:\/\/blog.puracomporta.com\/pt-pt\/wp-json\/wp\/v2\/types\/post"}],"author":[{"embeddable":true,"href":"https:\/\/blog.puracomporta.com\/pt-pt\/wp-json\/wp\/v2\/users\/1"}],"replies":[{"embeddable":true,"href":"https:\/\/blog.puracomporta.com\/pt-pt\/wp-json\/wp\/v2\/comments?post=2919"}],"version-history":[{"count":65,"href":"https:\/\/blog.puracomporta.com\/pt-pt\/wp-json\/wp\/v2\/posts\/2919\/revisions"}],"predecessor-version":[{"id":3159,"href":"https:\/\/blog.puracomporta.com\/pt-pt\/wp-json\/wp\/v2\/posts\/2919\/revisions\/3159"}],"wp:featuredmedia":[{"embeddable":true,"href":"https:\/\/blog.puracomporta.com\/pt-pt\/wp-json\/wp\/v2\/media\/3111"}],"wp:attachment":[{"href":"https:\/\/blog.puracomporta.com\/pt-pt\/wp-json\/wp\/v2\/media?parent=2919"}],"wp:term":[{"taxonomy":"category","embeddable":true,"href":"https:\/\/blog.puracomporta.com\/pt-pt\/wp-json\/wp\/v2\/categories?post=2919"},{"taxonomy":"post_tag","embeddable":true,"href":"https:\/\/blog.puracomporta.com\/pt-pt\/wp-json\/wp\/v2\/tags?post=2919"}],"curies":[{"name":"wp","href":"https:\/\/api.w.org\/{rel}","templated":true}]}}