{"id":2921,"date":"2024-03-15T10:56:03","date_gmt":"2024-03-15T10:56:03","guid":{"rendered":"https:\/\/blog.puracomporta.com\/?p=2921"},"modified":"2024-03-15T16:37:40","modified_gmt":"2024-03-15T16:37:40","slug":"un-sanctuaire-de-serenite-au-portugal","status":"publish","type":"post","link":"https:\/\/blog.puracomporta.com\/fr\/comporta\/un-sanctuaire-de-serenite-au-portugal\/","title":{"rendered":"Un sanctuaire de s\u00e9r\u00e9nit\u00e9 au Portugal"},"content":{"rendered":"\t\t<div data-elementor-type=\"wp-post\" data-elementor-id=\"2921\" class=\"elementor elementor-2921 elementor-2919\" data-elementor-post-type=\"post\">\n\t\t\t\t<div class=\"elementor-element elementor-element-f11581f e-flex e-con-boxed e-con e-parent\" data-id=\"f11581f\" data-element_type=\"container\" data-settings=\"{&quot;content_width&quot;:&quot;boxed&quot;}\" data-core-v316-plus=\"true\">\n\t\t\t\t\t<div class=\"e-con-inner\">\n\t\t\t\t<div class=\"elementor-element elementor-element-e4d4497 elementor-widget elementor-widget-text-editor\" data-id=\"e4d4497\" data-element_type=\"widget\" data-widget_type=\"text-editor.default\">\n\t\t\t\t<div class=\"elementor-widget-container\">\n\t\t\t<style>\/*! elementor - v3.19.0 - 29-01-2024 *\/\n.elementor-widget-text-editor.elementor-drop-cap-view-stacked .elementor-drop-cap{background-color:#69727d;color:#fff}.elementor-widget-text-editor.elementor-drop-cap-view-framed .elementor-drop-cap{color:#69727d;border:3px solid;background-color:transparent}.elementor-widget-text-editor:not(.elementor-drop-cap-view-default) .elementor-drop-cap{margin-top:8px}.elementor-widget-text-editor:not(.elementor-drop-cap-view-default) .elementor-drop-cap-letter{width:1em;height:1em}.elementor-widget-text-editor .elementor-drop-cap{float:left;text-align:center;line-height:1;font-size:50px}.elementor-widget-text-editor .elementor-drop-cap-letter{display:inline-block}<\/style>\t\t\t\t<p><span data-contrast=\"auto\">Con\u00e7ue par Joana Bastos Gomes et son mari Jo\u00e3o, Pura Comporta est plus qu&rsquo;une simple maison de vacances ; c&rsquo;est une lettre d&rsquo;amour au charme d\u00e9contract\u00e9 de Comporta. Comme le dit Joana elle-m\u00eame, \u00ab\u00a0nous voulons vraiment que tous ceux qui viennent \u00e0 Comporta tombent amoureux\u00a0\u00bb. Ici, le temps s&rsquo;\u00e9vanouit tandis que les h\u00f4tes s&rsquo;immergent dans la beaut\u00e9 naturelle \u00e0 couper le souffle qui entoure la propri\u00e9t\u00e9. <\/span><\/p>\n\t\t\t\t\t\t<\/div>\n\t\t\t\t<\/div>\n\t\t\t\t<div class=\"elementor-element elementor-element-a7c7230 elementor-blockquote--skin-border elementor-blockquote--button-color-official elementor-widget elementor-widget-blockquote\" data-id=\"a7c7230\" data-element_type=\"widget\" data-widget_type=\"blockquote.default\">\n\t\t\t\t<div class=\"elementor-widget-container\">\n\t\t\t<style>\/*! elementor-pro - v3.19.0 - 07-02-2024 *\/\n@charset \"UTF-8\";.entry-content blockquote.elementor-blockquote:not(.alignright):not(.alignleft),.entry-summary blockquote.elementor-blockquote{margin-right:0;margin-left:0}.elementor-widget-blockquote blockquote{margin:0;padding:0;outline:0;font-size:100%;vertical-align:baseline;background:transparent;quotes:none;border:0;font-style:normal;color:#3f444b}.elementor-widget-blockquote blockquote .e-q-footer:after,.elementor-widget-blockquote blockquote .e-q-footer:before,.elementor-widget-blockquote blockquote:after,.elementor-widget-blockquote blockquote:before,.elementor-widget-blockquote blockquote cite:after,.elementor-widget-blockquote blockquote cite:before{content:none}.elementor-blockquote{transition:.3s}.elementor-blockquote__author,.elementor-blockquote__content{margin-bottom:0;font-style:normal}.elementor-blockquote__author{font-weight:700}.elementor-blockquote .e-q-footer{margin-top:12px;display:flex;justify-content:space-between}.elementor-blockquote__tweet-button{display:flex;transition:.3s;color:#1da1f2;align-self:flex-end;line-height:1;position:relative;width:-moz-max-content;width:max-content}.elementor-blockquote__tweet-button:hover{color:#0967a0}.elementor-blockquote__tweet-button span{font-weight:600}.elementor-blockquote__tweet-button i,.elementor-blockquote__tweet-button span{vertical-align:middle}.elementor-blockquote__tweet-button i+span,.elementor-blockquote__tweet-button svg+span{margin-left:.5em}.elementor-blockquote__tweet-button svg{fill:#1da1f2;height:1em;width:1em}.elementor-blockquote__tweet-label{white-space:pre-wrap}.elementor-blockquote--button-skin-bubble .elementor-blockquote__tweet-button,.elementor-blockquote--button-skin-classic .elementor-blockquote__tweet-button{padding:.7em 1.2em;border-radius:100em;background-color:#1da1f2;color:#fff;font-size:15px}.elementor-blockquote--button-skin-bubble .elementor-blockquote__tweet-button:hover,.elementor-blockquote--button-skin-classic .elementor-blockquote__tweet-button:hover{background-color:#0967a0;color:#fff}.elementor-blockquote--button-skin-bubble .elementor-blockquote__tweet-button:hover:before,.elementor-blockquote--button-skin-classic .elementor-blockquote__tweet-button:hover:before{border-right-color:#0967a0}.elementor-blockquote--button-skin-bubble .elementor-blockquote__tweet-button svg,.elementor-blockquote--button-skin-classic .elementor-blockquote__tweet-button svg{fill:#fff;height:1em;width:1em}.elementor-blockquote--button-skin-bubble.elementor-blockquote--button-view-icon .elementor-blockquote__tweet-button,.elementor-blockquote--button-skin-classic.elementor-blockquote--button-view-icon .elementor-blockquote__tweet-button{padding:0;width:2em;height:2em}.elementor-blockquote--button-skin-bubble.elementor-blockquote--button-view-icon .elementor-blockquote__tweet-button i,.elementor-blockquote--button-skin-classic.elementor-blockquote--button-view-icon .elementor-blockquote__tweet-button i{position:absolute;left:50%;top:50%;transform:translate(-50%,-50%)}.elementor-blockquote--button-skin-bubble .elementor-blockquote__tweet-button:before{content:\"\";border:.5em solid transparent;border-right-color:#1da1f2;position:absolute;left:-.8em;top:50%;transform:translateY(-50%) scaleY(.65);transition:.3s}.elementor-blockquote--button-skin-bubble.elementor-blockquote--align-left .elementor-blockquote__tweet-button:before{right:auto;left:-.8em;border-right-color:#1da1f2;border-left-color:transparent}.elementor-blockquote--button-skin-bubble.elementor-blockquote--align-left .elementor-blockquote__tweet-button:hover:before{border-right-color:#0967a0}.elementor-blockquote--button-skin-bubble.elementor-blockquote--align-right .elementor-blockquote__tweet-button:before{left:auto;right:-.8em;border-right-color:transparent;border-left-color:#1da1f2}.elementor-blockquote--button-skin-bubble.elementor-blockquote--align-right .elementor-blockquote__tweet-button:hover:before{border-left-color:#0967a0}.elementor-blockquote--skin-boxed .elementor-blockquote{background-color:#f9fafa;padding:30px}.elementor-blockquote--skin-border .elementor-blockquote{border-color:#f9fafa;border-left:7px #f9fafa;border-style:solid;padding-left:20px}.elementor-blockquote--skin-quotation .elementor-blockquote:before{content:\"\u201c\";font-size:100px;color:#f9fafa;font-family:Times New Roman,Times,serif;font-weight:900;line-height:1;display:block;height:.6em}.elementor-blockquote--skin-quotation .elementor-blockquote__content{margin-top:15px}.elementor-blockquote--align-left .elementor-blockquote__content{text-align:left}.elementor-blockquote--align-left .elementor-blockquote .e-q-footer{flex-direction:row}.elementor-blockquote--align-right .elementor-blockquote__content{text-align:right}.elementor-blockquote--align-right .elementor-blockquote .e-q-footer{flex-direction:row-reverse}.elementor-blockquote--align-center .elementor-blockquote{text-align:center}.elementor-blockquote--align-center .elementor-blockquote .e-q-footer,.elementor-blockquote--align-center .elementor-blockquote__author{display:block}.elementor-blockquote--align-center .elementor-blockquote__tweet-button{margin-right:auto;margin-left:auto}<\/style>\t\t<blockquote class=\"elementor-blockquote\">\n\t\t\t<p class=\"elementor-blockquote__content\">\n\t\t\t\t\"Nous voulons vraiment que tous ceux qui viennent \u00e0 Comporta tombent amoureux\" \n\n\t\t\t<\/p>\n\t\t\t\t\t\t\t<div class=\"e-q-footer\">\n\t\t\t\t\t\t\t\t\t\t\t<cite class=\"elementor-blockquote__author\">Joana Bastos Gomes, propri\u00e9taire <\/cite>\n\t\t\t\t\t\t\t\t\t\t\t\t\t\t<\/div>\n\t\t\t\t\t<\/blockquote>\n\t\t\t\t<\/div>\n\t\t\t\t<\/div>\n\t\t\t\t\t<\/div>\n\t\t\t\t<\/div>\n\t\t<div class=\"elementor-element elementor-element-4a85e0e e-con-full e-flex e-con e-parent\" data-id=\"4a85e0e\" data-element_type=\"container\" data-settings=\"{&quot;content_width&quot;:&quot;full&quot;}\" data-core-v316-plus=\"true\">\n\t\t<div class=\"elementor-element elementor-element-24e3f79 e-flex e-con-boxed e-con e-child\" data-id=\"24e3f79\" data-element_type=\"container\" data-settings=\"{&quot;content_width&quot;:&quot;boxed&quot;}\">\n\t\t\t\t\t<div class=\"e-con-inner\">\n\t\t<div class=\"elementor-element elementor-element-05437ad e-con-full e-flex e-con e-child\" data-id=\"05437ad\" data-element_type=\"container\" data-settings=\"{&quot;content_width&quot;:&quot;full&quot;,&quot;background_background&quot;:&quot;classic&quot;}\">\n\t\t\t\t<\/div>\n\t\t<div class=\"elementor-element elementor-element-1a7ccad e-con-full e-flex e-con e-child\" data-id=\"1a7ccad\" data-element_type=\"container\" data-settings=\"{&quot;content_width&quot;:&quot;full&quot;}\">\n\t\t\t\t<div class=\"elementor-element elementor-element-97fe7c6 elementor-widget elementor-widget-text-editor\" data-id=\"97fe7c6\" data-element_type=\"widget\" data-widget_type=\"text-editor.default\">\n\t\t\t\t<div class=\"elementor-widget-container\">\n\t\t\t\t\t\t\t<p><span data-contrast=\"auto\">L&rsquo;architecte de renom Jo\u00e3o Pedro Falc\u00e3o de Campos a magistralement traduit cette philosophie dans la conception de la villa. \u00ab\u00a0Nous voulions une architecture inspir\u00e9e des maisons de l&rsquo;Alentejo, avec leurs toits \u00e0 deux pans recouverts de tuiles et leurs murs blancs\u00a0\u00bb, explique Joana, d\u00e9crivant le style traditionnel des villages de la r\u00e9gion. \u00ab\u00a0Cette maison ne pourrait exister que sur ce terrain \u00e0 Comporta\u00a0\u00bb, ajoute Falc\u00e3o de Campos, soulignant le lien harmonieux entre la villa et son environnement.<\/span><span data-ccp-props=\"{\"201341983\":0,\"335559739\":160,\"335559740\":259}\"> <\/span><\/p>\n<p><span data-contrast=\"auto\">Ici, au milieu de la s\u00e9r\u00e9nit\u00e9, entour\u00e9 des charmes de la nature et de ses vastes rizi\u00e8res, il est surprenant de r\u00e9aliser \u00e0 quel point nous sommes proches de l&rsquo;effervescence de Lisbonne et m\u00eame de la sc\u00e8ne anim\u00e9e de Comporta. <\/span><span data-ccp-props=\"{\"201341983\":0,\"335559739\":160,\"335559740\":259}\"> <\/span><\/p>\n\t\t\t\t\t\t<\/div>\n\t\t\t\t<\/div>\n\t\t\t\t<div class=\"elementor-element elementor-element-252257b elementor-blockquote--skin-border elementor-blockquote--button-color-official elementor-widget elementor-widget-blockquote\" data-id=\"252257b\" data-element_type=\"widget\" data-widget_type=\"blockquote.default\">\n\t\t\t\t<div class=\"elementor-widget-container\">\n\t\t\t\t\t<blockquote class=\"elementor-blockquote\">\n\t\t\t<p class=\"elementor-blockquote__content\">\n\t\t\t\t\"Cette maison ne pourrait exister que sur ce terrain \u00e0 Comporta\"\n\n\n\n\t\t\t<\/p>\n\t\t\t\t\t\t\t<div class=\"e-q-footer\">\n\t\t\t\t\t\t\t\t\t\t\t<cite class=\"elementor-blockquote__author\">Jo\u00e3o Falc\u00e3o de Campos, architecte <\/cite>\n\t\t\t\t\t\t\t\t\t\t\t\t\t\t<\/div>\n\t\t\t\t\t<\/blockquote>\n\t\t\t\t<\/div>\n\t\t\t\t<\/div>\n\t\t\t\t<\/div>\n\t\t\t\t\t<\/div>\n\t\t\t\t<\/div>\n\t\t\t\t<\/div>\n\t\t<div class=\"elementor-element elementor-element-e7036e1 e-flex e-con-boxed e-con e-parent\" data-id=\"e7036e1\" data-element_type=\"container\" data-settings=\"{&quot;content_width&quot;:&quot;boxed&quot;}\" data-core-v316-plus=\"true\">\n\t\t\t\t\t<div class=\"e-con-inner\">\n\t\t<div class=\"elementor-element elementor-element-5969672 e-flex e-con-boxed e-con e-child\" data-id=\"5969672\" data-element_type=\"container\" data-settings=\"{&quot;content_width&quot;:&quot;boxed&quot;}\">\n\t\t\t\t\t<div class=\"e-con-inner\">\n\t\t<div class=\"elementor-element elementor-element-2fa2452 e-con-full e-flex e-con e-child\" data-id=\"2fa2452\" data-element_type=\"container\" data-settings=\"{&quot;content_width&quot;:&quot;full&quot;}\">\n\t\t\t\t<div class=\"elementor-element elementor-element-5aa11f9 elementor-widget elementor-widget-text-editor\" data-id=\"5aa11f9\" data-element_type=\"widget\" data-widget_type=\"text-editor.default\">\n\t\t\t\t<div class=\"elementor-widget-container\">\n\t\t\t\t\t\t\t<p><span data-contrast=\"auto\">Dans toute la maison, on trouve des \u00e9l\u00e9ments d\u00e9coratifs et des nuances douillettes d&rsquo;origine portugaise. Entrez \u00e0 l&rsquo;int\u00e9rieur, et le panorama se d\u00e9ploie devant vous. Des \u00e9tag\u00e8res en bois et des meubles sur mesure fabriqu\u00e9s par des artisans locaux cr\u00e9ent un sentiment de chaleur et d&rsquo;\u00e9l\u00e9gance discr\u00e8te, comme l&rsquo;avait imagin\u00e9 Joana. Des touches de couleur sont apport\u00e9es par des tapis tiss\u00e9s \u00e0 la main et des c\u00e9ramiques r\u00e9alis\u00e9es par des talents locaux, rappelant constamment le riche patrimoine qui impr\u00e8gne l&rsquo;espace. \u00ab\u00a0Nous avons la chance de vivre au Portugal, o\u00f9 il y a de grands artisans\u00a0\u00bb, explique Joana. Sa passion pour le soutien aux artisans locaux est \u00e9vidente dans chaque d\u00e9tail.<\/span><span data-ccp-props=\"{\"201341983\":0,\"335559739\":160,\"335559740\":259}\"> <\/span><\/p>\n<p><span data-contrast=\"auto\">\u00c0 l&rsquo;ext\u00e9rieur, la vaste terrasse qui longe la fa\u00e7ade nord offre une vue imprenable sur les plaines inondables verdoyantes baign\u00e9es de lumi\u00e8re naturelle, comme le d\u00e9crit Falc\u00e3o de Campos. Au sud de la villa, un sanctuaire priv\u00e9 attend les visiteurs. Ici, une piscine chauff\u00e9e invite \u00e0 des baignades rafra\u00eechissantes, tandis que des chaises longues invitent \u00e0 des apr\u00e8s-midi langoureuses pass\u00e9es \u00e0 profiter des rayons dor\u00e9s. L&rsquo;odeur des pins, port\u00e9e par la brise de l&rsquo;oc\u00e9an, compl\u00e8te le tableau idyllique.<\/span><span data-ccp-props=\"{\"201341983\":0,\"335559739\":160,\"335559740\":259}\"> <\/span><\/p>\n\t\t\t\t\t\t<\/div>\n\t\t\t\t<\/div>\n\t\t\t\t<div class=\"elementor-element elementor-element-98a49e6 elementor-blockquote--skin-border elementor-blockquote--button-color-official elementor-widget elementor-widget-blockquote\" data-id=\"98a49e6\" data-element_type=\"widget\" data-widget_type=\"blockquote.default\">\n\t\t\t\t<div class=\"elementor-widget-container\">\n\t\t\t\t\t<blockquote class=\"elementor-blockquote\">\n\t\t\t<p class=\"elementor-blockquote__content\">\n\t\t\t\t\"La proximit\u00e9 rend tout plus authentique\"\n\n\n\n\t\t\t<\/p>\n\t\t\t\t\t\t\t<div class=\"e-q-footer\">\n\t\t\t\t\t\t\t\t\t\t\t<cite class=\"elementor-blockquote__author\">Joana Bastos Gomes, propri\u00e9taire  <\/cite>\n\t\t\t\t\t\t\t\t\t\t\t\t\t\t<\/div>\n\t\t\t\t\t<\/blockquote>\n\t\t\t\t<\/div>\n\t\t\t\t<\/div>\n\t\t\t\t<\/div>\n\t\t<div class=\"elementor-element elementor-element-05f1a87 e-con-full e-flex e-con e-child\" data-id=\"05f1a87\" data-element_type=\"container\" data-settings=\"{&quot;content_width&quot;:&quot;full&quot;,&quot;background_background&quot;:&quot;classic&quot;}\">\n\t\t\t\t<\/div>\n\t\t\t\t\t<\/div>\n\t\t\t\t<\/div>\n\t\t\t\t\t<\/div>\n\t\t\t\t<\/div>\n\t\t<div class=\"elementor-element elementor-element-ca63586 e-flex e-con-boxed e-con e-parent\" data-id=\"ca63586\" data-element_type=\"container\" data-settings=\"{&quot;content_width&quot;:&quot;boxed&quot;}\" data-core-v316-plus=\"true\">\n\t\t\t\t\t<div class=\"e-con-inner\">\n\t\t\t\t<div class=\"elementor-element elementor-element-5ef80e9 elementor-widget elementor-widget-heading\" data-id=\"5ef80e9\" data-element_type=\"widget\" data-widget_type=\"heading.default\">\n\t\t\t\t<div class=\"elementor-widget-container\">\n\t\t\t<style>\/*! elementor - v3.19.0 - 29-01-2024 *\/\n.elementor-heading-title{padding:0;margin:0;line-height:1}.elementor-widget-heading .elementor-heading-title[class*=elementor-size-]>a{color:inherit;font-size:inherit;line-height:inherit}.elementor-widget-heading .elementor-heading-title.elementor-size-small{font-size:15px}.elementor-widget-heading .elementor-heading-title.elementor-size-medium{font-size:19px}.elementor-widget-heading .elementor-heading-title.elementor-size-large{font-size:29px}.elementor-widget-heading .elementor-heading-title.elementor-size-xl{font-size:39px}.elementor-widget-heading .elementor-heading-title.elementor-size-xxl{font-size:59px}<\/style><h2 class=\"elementor-heading-title elementor-size-default\">Une luxueuse villa de plage, parfaite pour toutes les saisons <\/h2>\t\t<\/div>\n\t\t\t\t<\/div>\n\t\t\t\t<div class=\"elementor-element elementor-element-9129340 elementor-widget elementor-widget-heading\" data-id=\"9129340\" data-element_type=\"widget\" data-widget_type=\"heading.default\">\n\t\t\t\t<div class=\"elementor-widget-container\">\n\t\t\t<p class=\"elementor-heading-title elementor-size-default\">\u2014<\/p>\t\t<\/div>\n\t\t\t\t<\/div>\n\t\t\t\t\t<\/div>\n\t\t\t\t<\/div>\n\t\t<div class=\"elementor-element elementor-element-e600d1d e-flex e-con-boxed e-con e-parent\" data-id=\"e600d1d\" data-element_type=\"container\" data-settings=\"{&quot;content_width&quot;:&quot;boxed&quot;}\" data-core-v316-plus=\"true\">\n\t\t\t\t\t<div class=\"e-con-inner\">\n\t\t<div class=\"elementor-element elementor-element-18dcc34 e-con-full e-flex e-con e-child\" data-id=\"18dcc34\" data-element_type=\"container\" data-settings=\"{&quot;content_width&quot;:&quot;full&quot;,&quot;background_background&quot;:&quot;classic&quot;}\">\n\t\t\t\t<\/div>\n\t\t<div class=\"elementor-element elementor-element-5e333cd e-con-full e-flex e-con e-child\" data-id=\"5e333cd\" data-element_type=\"container\" data-settings=\"{&quot;content_width&quot;:&quot;full&quot;}\">\n\t\t\t\t<div class=\"elementor-element elementor-element-bc7dd50 elementor-widget elementor-widget-text-editor\" data-id=\"bc7dd50\" data-element_type=\"widget\" data-widget_type=\"text-editor.default\">\n\t\t\t\t<div class=\"elementor-widget-container\">\n\t\t\t\t\t\t\t<p><span data-contrast=\"auto\">Pura Comporta n&rsquo;est pas seulement une f\u00eate pour les sens, c&rsquo;est aussi un havre de paix pour cr\u00e9er des souvenirs inoubliables.<\/span><span data-ccp-props=\"{\"201341983\":0,\"335559739\":160,\"335559740\":259}\"> <\/span><\/p>\n<p><span data-contrast=\"auto\">Le<\/span> <b><span data-contrast=\"auto\">printemps r\u00e9veille<\/span><\/b><span data-contrast=\"auto\"> l&rsquo;Alentejo avec une \u00e9nergie vibrante. Les champs de fleurs sauvages \u00e9clatent dans une \u00e9meute de couleurs, recouvrant le paysage d&rsquo;une profusion de roses, de jaunes et de violets. L&rsquo;air bourdonne du retour des oiseaux et un sentiment de renouveau plane dans l&rsquo;atmosph\u00e8re. Les longues promenades sur la plage deviennent encore plus agr\u00e9ables \u00e0 mesure que la temp\u00e9rature grimpe, et la brise vivifiante de l&rsquo;oc\u00e9an apporte un contrepoint bienvenu \u00e0 la chaleur du soleil.<\/span><span data-ccp-props=\"{\"201341983\":0,\"335559739\":160,\"335559740\":259}\"> <\/span><\/p>\n<p><span data-contrast=\"auto\">L<\/span><b><span data-contrast=\"auto\">&lsquo;\u00e9t\u00e9 se d\u00e9roule dans toute sa splendeur.<\/span><\/b><span data-contrast=\"auto\">. Les journ\u00e9es ensoleill\u00e9es sont parfaites pour pratiquer des sports nautiques ou simplement se d\u00e9tendre sur les plages immacul\u00e9es de Comporta. Faites un plongeon rafra\u00eechissant dans la piscine de la villa, ou prenez votre planche de surf et attrapez quelques vagues. Le soir, vous pourrez vous attarder sur les repas pris en plein air sur la terrasse, le son des vagues de l&rsquo;oc\u00e9an accompagnant vos conversations. Lorsque les teintes ardentes du coucher de soleil peignent le ciel, rassemblez-vous autour du foyer et partagez des histoires sous une couverture d&rsquo;\u00e9toiles.<\/span><span data-ccp-props=\"{\"201341983\":0,\"335559739\":160,\"335559740\":259}\"> <\/span><\/p>\n<p><span data-contrast=\"auto\">L<\/span><b><span data-contrast=\"auto\">&lsquo;arriv\u00e9e de l&rsquo;automne<\/span><\/b><span data-contrast=\"auto\"> donne \u00e0 l&rsquo;Alentejo une chaude palette d&rsquo;or et de roux. Les foules ont diminu\u00e9 et un sentiment de tranquillit\u00e9 s&rsquo;installe dans le paysage. Faites de longues promenades \u00e0 v\u00e9lo dans la campagne et admirez la beaut\u00e9 des feuilles qui changent. Les gourmands se d\u00e9lecteront des r\u00e9coltes d&rsquo;automne, les restaurants locaux proposant les produits de saison les plus frais de la r\u00e9gion. Alors que les jours raccourcissent et qu&rsquo;une brise fra\u00eeche murmure \u00e0 travers les pins, installez-vous confortablement pr\u00e8s de la chemin\u00e9e avec un bon livre, en savourant la paix et la tranquillit\u00e9 de Pura Comporta.<\/span><span data-ccp-props=\"{\"201341983\":0,\"335559739\":160,\"335559740\":259}\"> <\/span><\/p>\n<p><span data-contrast=\"auto\">Puis<\/span> <b><span data-contrast=\"auto\">vient l&rsquo;hiver<\/span><\/b><span data-contrast=\"auto\">, qui a son propre charme \u00e0 Pura Comporta. De longs d\u00e9jeuners dans des restaurants de bord de mer ou la d\u00e9couverte des villes historiques d&rsquo;\u00c9vora et de Monsaraz donnent une autre image du paradis. Qu&rsquo;il s&rsquo;agisse de l&rsquo;\u00e9nergie vibrante de l&rsquo;\u00e9t\u00e9 ou du calme serein de l&rsquo;hiver, Pura Comporta offre un sanctuaire pour l&rsquo;\u00e2me, un endroit pour se reconnecter avec la nature, les \u00eatres chers et soi-m\u00eame.<\/span><span data-ccp-props=\"{\"201341983\":0,\"335559739\":160,\"335559740\":259}\"> <\/span><\/p>\n\t\t\t\t\t\t<\/div>\n\t\t\t\t<\/div>\n\t\t\t\t<\/div>\n\t\t\t\t\t<\/div>\n\t\t\t\t<\/div>\n\t\t<div class=\"elementor-element elementor-element-0f7bd16 e-flex e-con-boxed e-con e-parent\" data-id=\"0f7bd16\" data-element_type=\"container\" data-settings=\"{&quot;content_width&quot;:&quot;boxed&quot;}\" data-core-v316-plus=\"true\">\n\t\t\t\t\t<div class=\"e-con-inner\">\n\t\t\t\t<div class=\"elementor-element elementor-element-b72f4f3 elementor-widget elementor-widget-heading\" data-id=\"b72f4f3\" data-element_type=\"widget\" data-widget_type=\"heading.default\">\n\t\t\t\t<div class=\"elementor-widget-container\">\n\t\t\t<h2 class=\"elementor-heading-title elementor-size-default\">Pura Comporta peut accueillir confortablement jusqu'\u00e0 7 personnes<\/h2>\t\t<\/div>\n\t\t\t\t<\/div>\n\t\t\t\t<div class=\"elementor-element elementor-element-9e6eae4 elementor-widget elementor-widget-heading\" data-id=\"9e6eae4\" data-element_type=\"widget\" data-widget_type=\"heading.default\">\n\t\t\t\t<div class=\"elementor-widget-container\">\n\t\t\t<p class=\"elementor-heading-title elementor-size-default\">\u2014<\/p>\t\t<\/div>\n\t\t\t\t<\/div>\n\t\t\t\t\t<\/div>\n\t\t\t\t<\/div>\n\t\t<div class=\"elementor-element elementor-element-0bce086 e-flex e-con-boxed e-con e-parent\" data-id=\"0bce086\" data-element_type=\"container\" data-settings=\"{&quot;content_width&quot;:&quot;boxed&quot;}\" data-core-v316-plus=\"true\">\n\t\t\t\t\t<div class=\"e-con-inner\">\n\t\t<div class=\"elementor-element elementor-element-cde28ed e-con-full e-flex e-con e-child\" data-id=\"cde28ed\" data-element_type=\"container\" data-settings=\"{&quot;content_width&quot;:&quot;full&quot;}\">\n\t\t\t\t<div class=\"elementor-element elementor-element-3127c92 elementor-widget elementor-widget-text-editor\" data-id=\"3127c92\" data-element_type=\"widget\" data-widget_type=\"text-editor.default\">\n\t\t\t\t<div class=\"elementor-widget-container\">\n\t\t\t\t\t\t\t<h3><b><span data-contrast=\"auto\">Suite principale<\/span><\/b><span data-contrast=\"auto\">:<\/span><\/h3>\n<p><span data-contrast=\"auto\">Cette suite dispose d&rsquo;une salle de bain priv\u00e9e avec une baignoire donnant sur la terrasse, au nord vers les montagnes et la plaine inondable.<\/span><span data-ccp-props=\"{\"201341983\":0,\"335559739\":160,\"335559740\":259}\"> <\/span><\/p>\n<h3><b><span data-contrast=\"auto\">Suite 2<\/span><\/b><span data-contrast=\"auto\">: <\/span> <\/h3>\n<p><span data-contrast=\"auto\">Cette chambre dispose d&rsquo;un lit double et d&rsquo;une mezzanine confortable avec un lit simple, parfaite pour les familles ou les petits groupes. Elle dispose \u00e9galement d&rsquo;une salle de bains privative tr\u00e8s pratique.<\/span><span data-ccp-props=\"{\"201341983\":0,\"335559739\":160,\"335559740\":259}\"> <\/span><\/p>\n<h3><strong>Suite 3:<\/strong><\/h3>\n<p><span data-contrast=\"auto\">Profitez du confort d&rsquo;un lit double et d&rsquo;une salle de bains attenante dans cet espace priv\u00e9.<\/span><span data-ccp-props=\"{\"201341983\":0,\"335559739\":160,\"335559740\":259}\"> <\/span><\/p>\n<h3><span data-contrast=\"auto\">La<\/span> <b><span data-contrast=\"auto\">salle de bains<\/span><\/b><\/h3>\n<p><span data-contrast=\"auto\">Suppl\u00e9mentaire est facilement accessible de l&rsquo;int\u00e9rieur comme de l&rsquo;ext\u00e9rieur, ce qui est id\u00e9al pour se rincer apr\u00e8s une journ\u00e9e \u00e0 la plage.<\/span><span data-ccp-props=\"{\"201341983\":0,\"335559739\":160,\"335559740\":259}\"> <\/span><\/p>\n<h3><b><span data-contrast=\"auto\">Cuisine enti\u00e8rement \u00e9quip\u00e9e<\/span><\/b><\/h3>\n<p><span data-contrast=\"auto\">Avec des appareils Miele et Smeg haut de gamme ; bar avec un refroidisseur de vin et une s\u00e9lection d&rsquo;huile d&rsquo;olive. <\/span><span data-ccp-props=\"{\"201341983\":0,\"335559739\":160,\"335559740\":259}\"> <\/span><\/p>\n<h3><b><span data-contrast=\"auto\">Salon spacieux<\/span><\/b><\/h3>\n<p><span data-contrast=\"auto\">Avec chemin\u00e9e, chauffage central\/climatisation et ventilateurs de plafond.<\/span><span data-ccp-props=\"{\"201341983\":0,\"335559739\":160,\"335559740\":259}\"> <\/span><\/p>\n<h3><b><span data-contrast=\"auto\">Tables \u00e0 manger \u00e0 l&rsquo;int\u00e9rieur ou \u00e0 l&rsquo;ext\u00e9rieur<\/span><\/b><\/h3>\n<p><span data-contrast=\"auto\">Pour des repas d\u00e9licieux et des conversations tardives.<\/span><span data-ccp-props=\"{\"201341983\":0,\"335559739\":160,\"335559740\":259}\"> <\/span><\/p>\n<h3><b><span data-contrast=\"auto\">Piscine chauff\u00e9e<\/span><\/b><\/h3>\n<p><span data-contrast=\"auto\">Avec chaises longues donnant sur un jardin de dunes.<\/span><span data-ccp-props=\"{\"201341983\":0,\"335559739\":160,\"335559740\":259}\"> <\/span><\/p>\n<p><span data-ccp-props=\"{\"201341983\":0,\"335559739\":160,\"335559740\":259}\"> <\/span><\/p>\n\t\t\t\t\t\t<\/div>\n\t\t\t\t<\/div>\n\t\t\t\t<\/div>\n\t\t<div class=\"elementor-element elementor-element-9eebecb e-con-full e-flex e-con e-child\" data-id=\"9eebecb\" data-element_type=\"container\" data-settings=\"{&quot;content_width&quot;:&quot;full&quot;,&quot;background_background&quot;:&quot;classic&quot;}\">\n\t\t\t\t<\/div>\n\t\t\t\t\t<\/div>\n\t\t\t\t<\/div>\n\t\t<div class=\"elementor-element elementor-element-7d68519 e-flex e-con-boxed e-con e-parent\" data-id=\"7d68519\" data-element_type=\"container\" data-settings=\"{&quot;content_width&quot;:&quot;boxed&quot;}\" data-core-v316-plus=\"true\">\n\t\t\t\t\t<div class=\"e-con-inner\">\n\t\t\t\t<div class=\"elementor-element elementor-element-dc4fb58 elementor-align-center elementor-widget elementor-widget-button\" data-id=\"dc4fb58\" data-element_type=\"widget\" data-widget_type=\"button.default\">\n\t\t\t\t<div class=\"elementor-widget-container\">\n\t\t\t\t\t<div class=\"elementor-button-wrapper\">\n\t\t\t<a class=\"elementor-button elementor-button-link elementor-size-sm\" href=\"https:\/\/puracomporta.com\/fr\" target=\"_blank\">\n\t\t\t\t\t\t<span class=\"elementor-button-content-wrapper\">\n\t\t\t\t\t\t<span class=\"elementor-button-text\">Je veux savoir<\/span>\n\t\t<\/span>\n\t\t\t\t\t<\/a>\n\t\t<\/div>\n\t\t\t\t<\/div>\n\t\t\t\t<\/div>\n\t\t\t\t\t<\/div>\n\t\t\t\t<\/div>\n\t\t\t\t<\/div>\n\t\t","protected":false},"excerpt":{"rendered":"<p>Imaginez un havre de paix con\u00e7u pour le luxe aux pieds nus, un endroit o\u00f9 le rythme de la vie ralentit pour laisser place au murmure de la brise et au fracas des vagues. C&rsquo;est Pura Comporta, une \u00e9tonnante retraite architecturale nich\u00e9e au milieu des dunes et des rizi\u00e8res vierges de la r\u00e9gion de l&rsquo;Alentejo, au Portugal.<\/p>\n","protected":false},"author":1,"featured_media":3113,"comment_status":"open","ping_status":"open","sticky":false,"template":"","format":"standard","meta":{"site-sidebar-layout":"default","site-content-layout":"","ast-site-content-layout":"default","site-content-style":"default","site-sidebar-style":"default","ast-global-header-display":"","ast-banner-title-visibility":"","ast-main-header-display":"","ast-hfb-above-header-display":"","ast-hfb-below-header-display":"","ast-hfb-mobile-header-display":"","site-post-title":"","ast-breadcrumbs-content":"","ast-featured-img":"","footer-sml-layout":"","theme-transparent-header-meta":"","adv-header-id-meta":"","stick-header-meta":"","header-above-stick-meta":"","header-main-stick-meta":"","header-below-stick-meta":"","astra-migrate-meta-layouts":"set","ast-page-background-enabled":"default","ast-page-background-meta":{"desktop":{"background-color":"","background-image":"","background-repeat":"repeat","background-position":"center center","background-size":"auto","background-attachment":"scroll","background-type":"","background-media":"","overlay-type":"","overlay-color":"","overlay-gradient":""},"tablet":{"background-color":"","background-image":"","background-repeat":"repeat","background-position":"center center","background-size":"auto","background-attachment":"scroll","background-type":"","background-media":"","overlay-type":"","overlay-color":"","overlay-gradient":""},"mobile":{"background-color":"","background-image":"","background-repeat":"repeat","background-position":"center center","background-size":"auto","background-attachment":"scroll","background-type":"","background-media":"","overlay-type":"","overlay-color":"","overlay-gradient":""}},"ast-content-background-meta":{"desktop":{"background-color":"var(--ast-global-color-5)","background-image":"","background-repeat":"repeat","background-position":"center center","background-size":"auto","background-attachment":"scroll","background-type":"","background-media":"","overlay-type":"","overlay-color":"","overlay-gradient":""},"tablet":{"background-color":"var(--ast-global-color-5)","background-image":"","background-repeat":"repeat","background-position":"center center","background-size":"auto","background-attachment":"scroll","background-type":"","background-media":"","overlay-type":"","overlay-color":"","overlay-gradient":""},"mobile":{"background-color":"var(--ast-global-color-5)","background-image":"","background-repeat":"repeat","background-position":"center center","background-size":"auto","background-attachment":"scroll","background-type":"","background-media":"","overlay-type":"","overlay-color":"","overlay-gradient":""}},"footnotes":""},"categories":[31,16],"tags":[],"class_list":["post-2921","post","type-post","status-publish","format-standard","has-post-thumbnail","hentry","category-comporta"],"_links":{"self":[{"href":"https:\/\/blog.puracomporta.com\/fr\/wp-json\/wp\/v2\/posts\/2921","targetHints":{"allow":["GET"]}}],"collection":[{"href":"https:\/\/blog.puracomporta.com\/fr\/wp-json\/wp\/v2\/posts"}],"about":[{"href":"https:\/\/blog.puracomporta.com\/fr\/wp-json\/wp\/v2\/types\/post"}],"author":[{"embeddable":true,"href":"https:\/\/blog.puracomporta.com\/fr\/wp-json\/wp\/v2\/users\/1"}],"replies":[{"embeddable":true,"href":"https:\/\/blog.puracomporta.com\/fr\/wp-json\/wp\/v2\/comments?post=2921"}],"version-history":[{"count":14,"href":"https:\/\/blog.puracomporta.com\/fr\/wp-json\/wp\/v2\/posts\/2921\/revisions"}],"predecessor-version":[{"id":3153,"href":"https:\/\/blog.puracomporta.com\/fr\/wp-json\/wp\/v2\/posts\/2921\/revisions\/3153"}],"wp:featuredmedia":[{"embeddable":true,"href":"https:\/\/blog.puracomporta.com\/fr\/wp-json\/wp\/v2\/media\/3113"}],"wp:attachment":[{"href":"https:\/\/blog.puracomporta.com\/fr\/wp-json\/wp\/v2\/media?parent=2921"}],"wp:term":[{"taxonomy":"category","embeddable":true,"href":"https:\/\/blog.puracomporta.com\/fr\/wp-json\/wp\/v2\/categories?post=2921"},{"taxonomy":"post_tag","embeddable":true,"href":"https:\/\/blog.puracomporta.com\/fr\/wp-json\/wp\/v2\/tags?post=2921"}],"curies":[{"name":"wp","href":"https:\/\/api.w.org\/{rel}","templated":true}]}}